{"id":721,"date":"2024-09-16T11:44:39","date_gmt":"2024-09-16T09:44:39","guid":{"rendered":"https:\/\/cyrknop.fr\/?p=721"},"modified":"2024-09-16T11:48:42","modified_gmt":"2024-09-16T09:48:42","slug":"ouverture-ecole-de-cirque-septembre-2024","status":"publish","type":"post","link":"https:\/\/cyrknop.fr\/index.php\/2024\/09\/16\/ouverture-ecole-de-cirque-septembre-2024\/","title":{"rendered":"Ouverture \u00e9cole de cirque septembre 2024"},"content":{"rendered":"\r\n<p>Les cours de cirque reprendront le mardi 24\/09<\/p>\r\n\r\n\r\n\r\n<h3>les horaires des cours:<\/h3>\r\n\r\n\r\n\r\n<h4>Mardi<\/h4>\r\n\r\n\r\n\r\n<ul>\r\n<li>enfants (6-7 ans) : 17h \u00e0 18h30<\/li>\r\n<li>a\u00e9riens (11 ans et +) : 18h30 &#8211; 20h30<\/li>\r\n<\/ul>\r\n\r\n\r\n\r\n<h4>Mercredi<\/h4>\r\n\r\n\r\n\r\n<ul>\r\n<li>\u00e9veil (4-5 ans) : 11h \u00e0 12h<\/li>\r\n<li>moyens (8-11 ans) : 14h \u00e0 16h<\/li>\r\n<li>ados (11 ans et +) : 16h \u00e0 18h<\/li>\r\n<li>ados &#8211; adultes : 18h \u00e0 20h<\/li>\r\n<\/ul>\r\n\r\n\r\n\r\n<h3>Inscriptions:<\/h3>\r\n<p>Pour inscrire votre enfant vous pouvez nous joindre par:<\/p>\r\n<ul>\r\n<li>mail: <a href=\"mailto:ecole@cyrknop.fr\">ecole@cyrknop.fr<\/a><\/li>\r\n<li>t\u00e9l\u00e9phone cie: 09 53 77 79 02<\/li>\r\n<li>t\u00e9l\u00e9phone yan : 06 81 30 18 18<\/li>\r\n<\/ul>\r\n<h3><strong>Tarifs:<\/strong>\u00a0<\/h3>\r\n<ul>\r\n<li>\u00e9veil cirque: 1h \/ semaine = 270\u20ac\/ ann\u00e9e (soit 90\u20ac par trimestre)<\/li>\r\n<li>enfants : 1h30\/ semaine = 315\u20ac\/ ann\u00e9e (soit 105\u20ac par trimestre)<\/li>\r\n<li>moyens et ados : 2h\u00a0 \/ semaine = 360\u20ac\/ ann\u00e9e (soit 120\u20ac par trimestre)<\/li>\r\n<\/ul>\r\n<p>+ Adh\u00e9sion : 35\u20ac \/ ann\u00e9e<\/p>\r\n<p>&nbsp;<\/p>\r\n<p>Pour plus d&rsquo;infos <a href=\"https:\/\/cyrknop.fr\/index.php\/ecole-de-cirque\/\">cliquez ici<\/a><\/p>\r\n<p><\/p>\r\n<p>&nbsp;<\/p>","protected":false},"excerpt":{"rendered":"<p>Les cours de cirque reprendront le mardi 24\/09 les horaires des cours: Mardi enfants (6-7 ans) : 17h \u00e0 18h30 a\u00e9riens (11 ans et +) : 18h30 &#8211; 20h30 Mercredi \u00e9veil (4-5 ans) : 11h \u00e0 12h moyens (8-11 ans) : 14h \u00e0 16h ados (11 ans et +) : 16h \u00e0 18h ados &#8211; [&hellip;]<\/p>\n","protected":false},"author":1,"featured_media":600,"comment_status":"closed","ping_status":"open","sticky":false,"template":"","format":"standard","meta":[],"categories":[4],"tags":[],"_links":{"self":[{"href":"https:\/\/cyrknop.fr\/index.php\/wp-json\/wp\/v2\/posts\/721"}],"collection":[{"href":"https:\/\/cyrknop.fr\/index.php\/wp-json\/wp\/v2\/posts"}],"about":[{"href":"https:\/\/cyrknop.fr\/index.php\/wp-json\/wp\/v2\/types\/post"}],"author":[{"embeddable":true,"href":"https:\/\/cyrknop.fr\/index.php\/wp-json\/wp\/v2\/users\/1"}],"replies":[{"embeddable":true,"href":"https:\/\/cyrknop.fr\/index.php\/wp-json\/wp\/v2\/comments?post=721"}],"version-history":[{"count":2,"href":"https:\/\/cyrknop.fr\/index.php\/wp-json\/wp\/v2\/posts\/721\/revisions"}],"predecessor-version":[{"id":723,"href":"https:\/\/cyrknop.fr\/index.php\/wp-json\/wp\/v2\/posts\/721\/revisions\/723"}],"wp:featuredmedia":[{"embeddable":true,"href":"https:\/\/cyrknop.fr\/index.php\/wp-json\/wp\/v2\/media\/600"}],"wp:attachment":[{"href":"https:\/\/cyrknop.fr\/index.php\/wp-json\/wp\/v2\/media?parent=721"}],"wp:term":[{"taxonomy":"category","embeddable":true,"href":"https:\/\/cyrknop.fr\/index.php\/wp-json\/wp\/v2\/categories?post=721"},{"taxonomy":"post_tag","embeddable":true,"href":"https:\/\/cyrknop.fr\/index.php\/wp-json\/wp\/v2\/tags?post=721"}],"curies":[{"name":"wp","href":"https:\/\/api.w.org\/{rel}","templated":true}]}}