{"id":450,"date":"2021-01-12T11:39:12","date_gmt":"2021-01-12T10:39:12","guid":{"rendered":"https:\/\/cyrknop.fr\/?p=450"},"modified":"2021-01-12T11:50:41","modified_gmt":"2021-01-12T10:50:41","slug":"couvre-feu-18h","status":"publish","type":"post","link":"https:\/\/cyrknop.fr\/index.php\/2021\/01\/12\/couvre-feu-18h\/","title":{"rendered":"couvre feu 18h"},"content":{"rendered":"\n<p>Bonjour \u00e0 tous<\/p>\n\n\n\n<p>comme annonc\u00e9 par le gouvernement le couvre feu \u00e0 partir de 18h est effectif d\u00e8s aujourd&rsquo;hui mardi 12 janvier 2021.<\/p>\n\n\n\n<p>Ainsi nous allons changer les horaires des cours afin que tous les enfants puissent participer.<\/p>\n\n\n\n<p>les cours se d\u00e9rouleront de cette mani\u00e8re \u00e0 partir du 19 janvier:<\/p>\n\n\n\n<p>le mercredi<\/p>\n\n\n\n<p>de 9h30 \u00e0 11h pour les enfants de Cp etCE1 (anciennement le mardi)<\/p>\n\n\n\n<p>de 11h \u00e0 12h pour les plus petits (aucun changement)<\/p>\n\n\n\n<p>de 13h30 \u00e0 15h30 pour les moyens<\/p>\n\n\n\n<p>de 15h30 \u00e0 17h30 pour les ados<\/p>\n\n\n\n<p>Merci de votre compr\u00e9hension<\/p>\n\n\n\n<p>\u00e0 bient\u00f4t<\/p>\n\n\n\n<p>l&rsquo;\u00e9quipe de Cyrk Nop<\/p>\n\n\n\n<p>06 48 09 93 32 (Sandra)<\/p>\n","protected":false},"excerpt":{"rendered":"<p>Bonjour \u00e0 tous comme annonc\u00e9 par le gouvernement le couvre feu \u00e0 partir de 18h est effectif d\u00e8s aujourd&rsquo;hui mardi 12 janvier 2021. Ainsi nous allons changer les horaires des cours afin que tous les enfants puissent participer. les cours se d\u00e9rouleront de cette mani\u00e8re \u00e0 partir du 19 janvier: le mercredi de 9h30 \u00e0 [&hellip;]<\/p>\n","protected":false},"author":3,"featured_media":452,"comment_status":"closed","ping_status":"open","sticky":false,"template":"","format":"standard","meta":[],"categories":[1],"tags":[],"_links":{"self":[{"href":"https:\/\/cyrknop.fr\/index.php\/wp-json\/wp\/v2\/posts\/450"}],"collection":[{"href":"https:\/\/cyrknop.fr\/index.php\/wp-json\/wp\/v2\/posts"}],"about":[{"href":"https:\/\/cyrknop.fr\/index.php\/wp-json\/wp\/v2\/types\/post"}],"author":[{"embeddable":true,"href":"https:\/\/cyrknop.fr\/index.php\/wp-json\/wp\/v2\/users\/3"}],"replies":[{"embeddable":true,"href":"https:\/\/cyrknop.fr\/index.php\/wp-json\/wp\/v2\/comments?post=450"}],"version-history":[{"count":1,"href":"https:\/\/cyrknop.fr\/index.php\/wp-json\/wp\/v2\/posts\/450\/revisions"}],"predecessor-version":[{"id":451,"href":"https:\/\/cyrknop.fr\/index.php\/wp-json\/wp\/v2\/posts\/450\/revisions\/451"}],"wp:featuredmedia":[{"embeddable":true,"href":"https:\/\/cyrknop.fr\/index.php\/wp-json\/wp\/v2\/media\/452"}],"wp:attachment":[{"href":"https:\/\/cyrknop.fr\/index.php\/wp-json\/wp\/v2\/media?parent=450"}],"wp:term":[{"taxonomy":"category","embeddable":true,"href":"https:\/\/cyrknop.fr\/index.php\/wp-json\/wp\/v2\/categories?post=450"},{"taxonomy":"post_tag","embeddable":true,"href":"https:\/\/cyrknop.fr\/index.php\/wp-json\/wp\/v2\/tags?post=450"}],"curies":[{"name":"wp","href":"https:\/\/api.w.org\/{rel}","templated":true}]}}